{"id":1029,"date":"2022-12-09T10:11:42","date_gmt":"2022-12-09T09:11:42","guid":{"rendered":"https:\/\/www.campusinternationaldonbosco.org\/?p=1029"},"modified":"2024-10-25T22:08:23","modified_gmt":"2024-10-25T20:08:23","slug":"une-semaine-en-immersion-totale-premiere-generation-erasmus-sevigne-el-pilar","status":"publish","type":"post","link":"https:\/\/www.campusinternationaldonbosco.org\/en\/2022\/12\/09\/une-semaine-en-immersion-totale-premiere-generation-erasmus-sevigne-el-pilar\/","title":{"rendered":"Une semaine en immersion totale \u2026 Premi\u00e8re g\u00e9n\u00e9ration Erasmus +\u00a0: S\u00e9vign\u00e9-El Pilar."},"content":{"rendered":"<p><\/p>\n\n\n\n<p>Du 07 au 13 novembre 2022, 8 \u00e9l\u00e8ves de Seconde  (Ambrine ED-DRIDI, Gabrielle VIDIL, Maud BONTEMS, Joana DUMUR, Lou CALANCHINI, Cyrielle FOURNIER, Nils LARREY, Noah GARCIA-Di MARINO) accompagn\u00e9s de leur professeur d\u2019espagnol, Mme Roux, ont eu la chance de passer une semaine en immersion linguistique et culturelle dans le coll\u00e8ge espagnol Sal\u00e9sien, El Pilar, situ\u00e9 \u00e0 50 km au nord de Madrid (Soto del Real). <\/p>\n\n\n\n<figure class=\"wp-block-image size-large\"><img fetchpriority=\"high\" decoding=\"async\" width=\"1024\" height=\"768\" src=\"https:\/\/www.campusinternationaldonbosco.org\/wp-content\/uploads\/2022\/12\/image_6483441-3-1024x768.jpg\" alt=\"\" class=\"wp-image-1051\" srcset=\"https:\/\/www.campusinternationaldonbosco.org\/wp-content\/uploads\/2022\/12\/image_6483441-3-1024x768.jpg 1024w, https:\/\/www.campusinternationaldonbosco.org\/wp-content\/uploads\/2022\/12\/image_6483441-3-300x225.jpg 300w, https:\/\/www.campusinternationaldonbosco.org\/wp-content\/uploads\/2022\/12\/image_6483441-3-768x576.jpg 768w, https:\/\/www.campusinternationaldonbosco.org\/wp-content\/uploads\/2022\/12\/image_6483441-3-1536x1152.jpg 1536w, https:\/\/www.campusinternationaldonbosco.org\/wp-content\/uploads\/2022\/12\/image_6483441-3-16x12.jpg 16w, https:\/\/www.campusinternationaldonbosco.org\/wp-content\/uploads\/2022\/12\/image_6483441-3.jpg 1600w\" sizes=\"(max-width: 1024px) 100vw, 1024px\" \/><\/figure>\n\n\n\n<p>Ce s\u00e9jour s\u2019inscrit dans le cadre du programme de mobilit\u00e9 europ\u00e9en, Erasmus +, pour lequel le lyc\u00e9e S\u00e9vign\u00e9 est accr\u00e9dit\u00e9. Au menu de cette premi\u00e8re semaine d\u2019\u00e9changes, les visites culturelles des villes de Madrid et de Tol\u00e8de, et deux journ\u00e9es de travail au sein de l\u2019\u00e9tablissement partenaire espagnol, El Pilar. Log\u00e9s en famille, ces huit \u00e9l\u00e8ves ont eu l\u2019opportunit\u00e9 de partager le quotidien de leurs correspondants, et de vivre \u00e0 l\u2019heure espagnole\u00a0!<\/p>\n\n\n\n<p>Ils accueilleront \u00e0 leur tour, leurs correspondants fin mars 2023 pour leur faire d\u00e9couvrir leur ville et leur lyc\u00e9e. Une deuxi\u00e8me semaine riche en d\u00e9couvertes et en \u00e9motions les attend encore.<\/p>","protected":false},"excerpt":{"rendered":"<p>Du 07 au 13 novembre 2022, 8 \u00e9l\u00e8ves de Seconde (Ambrine ED-DRIDI, Gabrielle VIDIL, Maud BONTEMS, Joana DUMUR, Lou CALANCHINI, Cyrielle FOURNIER, Nils LARREY, Noah GARCIA-Di MARINO) accompagn\u00e9s de leur professeur d\u2019espagnol, Mme Roux, ont eu la chance de passer une semaine en immersion linguistique et culturelle dans le coll\u00e8ge espagnol Sal\u00e9sien, El Pilar, situ\u00e9 [&hellip;]<\/p>\n","protected":false},"author":70,"featured_media":1049,"comment_status":"closed","ping_status":"closed","sticky":false,"template":"","format":"standard","meta":{"footnotes":"","_links_to":"","_links_to_target":""},"categories":[21,34],"tags":[],"class_list":["post-1029","post","type-post","status-publish","format-standard","has-post-thumbnail","hentry","category-ensemble-scolaire-sevigne-marseille","category-actualites-du-consortium-salesien"],"_links":{"self":[{"href":"https:\/\/www.campusinternationaldonbosco.org\/en\/wp-json\/wp\/v2\/posts\/1029","targetHints":{"allow":["GET"]}}],"collection":[{"href":"https:\/\/www.campusinternationaldonbosco.org\/en\/wp-json\/wp\/v2\/posts"}],"about":[{"href":"https:\/\/www.campusinternationaldonbosco.org\/en\/wp-json\/wp\/v2\/types\/post"}],"author":[{"embeddable":true,"href":"https:\/\/www.campusinternationaldonbosco.org\/en\/wp-json\/wp\/v2\/users\/70"}],"replies":[{"embeddable":true,"href":"https:\/\/www.campusinternationaldonbosco.org\/en\/wp-json\/wp\/v2\/comments?post=1029"}],"version-history":[{"count":3,"href":"https:\/\/www.campusinternationaldonbosco.org\/en\/wp-json\/wp\/v2\/posts\/1029\/revisions"}],"predecessor-version":[{"id":1052,"href":"https:\/\/www.campusinternationaldonbosco.org\/en\/wp-json\/wp\/v2\/posts\/1029\/revisions\/1052"}],"wp:featuredmedia":[{"embeddable":true,"href":"https:\/\/www.campusinternationaldonbosco.org\/en\/wp-json\/wp\/v2\/media\/1049"}],"wp:attachment":[{"href":"https:\/\/www.campusinternationaldonbosco.org\/en\/wp-json\/wp\/v2\/media?parent=1029"}],"wp:term":[{"taxonomy":"category","embeddable":true,"href":"https:\/\/www.campusinternationaldonbosco.org\/en\/wp-json\/wp\/v2\/categories?post=1029"},{"taxonomy":"post_tag","embeddable":true,"href":"https:\/\/www.campusinternationaldonbosco.org\/en\/wp-json\/wp\/v2\/tags?post=1029"}],"curies":[{"name":"wp","href":"https:\/\/api.w.org\/{rel}","templated":true}]}}